{"id":5650,"date":"2021-10-25T09:00:09","date_gmt":"2021-10-25T08:00:09","guid":{"rendered":"https:\/\/thekitson.org\/?p=5650"},"modified":"2021-10-25T16:07:15","modified_gmt":"2021-10-25T15:07:15","slug":"synthese-du-debat-la-chine-et-nous-apres-la-covid-20-09-2021","status":"publish","type":"post","link":"https:\/\/thekitson.org\/en\/synthese-du-debat-la-chine-et-nous-apres-la-covid-20-09-2021\/","title":{"rendered":"Synth\u00e8se du D\u00e9bat : La Chine et Nous Apr\u00e8s la Covid : 20\/09\/2021"},"content":{"rendered":"\n<style type=\"text\/css\" data-created_by=\"avia_inline_auto\" id=\"style-css-av-kkwf182f-24445e8dd72ae289d1ebf6b06a615933\">\n.avia-section.av-kkwf182f-24445e8dd72ae289d1ebf6b06a615933{\nbackground-color:#161616;\n}\n<\/style>\n<div id='av_section_1'  class='avia-section av-kkwf182f-24445e8dd72ae289d1ebf6b06a615933 main_color avia-section-default avia-no-border-styling  avia-builder-el-0  el_before_av_heading  avia-builder-el-first  avia-bg-style-scroll  container_wrap sidebar_right'  ><div class='container av-section-cont-open' ><main  role=\"main\" itemprop=\"mainContentOfPage\"  class='template-page content  av-content-small alpha units'><div class='post-entry post-entry-type-page post-entry-5650'><div class='entry-content-wrapper clearfix'>\n\n<style type=\"text\/css\" data-created_by=\"avia_inline_auto\" id=\"style-css-av-ku1f9kz6-5989793c2e43ec53c605a106b233003d\">\n#top .av-special-heading.av-ku1f9kz6-5989793c2e43ec53c605a106b233003d{\npadding-bottom:10px;\ncolor:#ffffff;\n}\n.av-special-heading.av-ku1f9kz6-5989793c2e43ec53c605a106b233003d .special-heading-inner-border{\nborder-color:#ffffff;\n}\n<\/style>\n<div  class='av-special-heading av-ku1f9kz6-5989793c2e43ec53c605a106b233003d av-special-heading-h3 custom-color-heading  avia-builder-el-1  avia-builder-el-no-sibling  '><h3 class='av-special-heading-tag '  itemprop=\"headline\"  >Synth\u00e8se du d\u00e9bat : La Chine et Nous Apr\u00e8s la Covid : 20\/09\/2021<\/h3><div class='special-heading-border'><div class='special-heading-inner-border'><\/div><\/div><\/div>\n<\/div><\/div><\/main><!-- close content main element --><\/div><\/div><div id='after_section_1'  class='main_color av_default_container_wrap container_wrap sidebar_right'  ><div class='container av-section-cont-open' ><div class='template-page content  av-content-small alpha units'><div class='post-entry post-entry-type-page post-entry-5650'><div class='entry-content-wrapper clearfix'>\n<style type=\"text\/css\" data-created_by=\"avia_inline_auto\" id=\"style-css-av-ku1fboss-5df7dbd563681f82001b7ba70192f592\">\n#top .av-special-heading.av-ku1fboss-5df7dbd563681f82001b7ba70192f592{\npadding-bottom:10px;\nfont-size:40px;\n}\n.av-special-heading.av-ku1fboss-5df7dbd563681f82001b7ba70192f592 .av-subheading{\nfont-size:15px;\n}\n<\/style>\n<div  class='av-special-heading av-ku1fboss-5df7dbd563681f82001b7ba70192f592 av-special-heading-h1 blockquote modern-quote  avia-builder-el-2  el_after_av_section  el_before_av_hr  avia-builder-el-first  av-inherit-size '><h1 class='av-special-heading-tag '  itemprop=\"headline\"  >La Chine et Nous Apr\u00e8s la Covid<\/h1><div class='av-subheading av-subheading_below '><p>Pr Steven Ekovich versus Pr Emmanuel Lincot<br \/>\nMod\u00e9rateur: Gil Mihaely PhD<\/p>\n<\/div><div class='special-heading-border'><div class='special-heading-inner-border'><\/div><\/div><\/div><\/p>\n\n<style type=\"text\/css\" data-created_by=\"avia_inline_auto\" id=\"style-css-av-kkwnna65-b33a065c7c9cb006b245fc9e071a7017\">\n#top .hr.av-kkwnna65-b33a065c7c9cb006b245fc9e071a7017{\nmargin-top:25px;\nmargin-bottom:30px;\n}\n.hr.av-kkwnna65-b33a065c7c9cb006b245fc9e071a7017 .hr-inner{\nwidth:50px;\nborder-color:#191919;\n}\n<\/style>\n<div  class='hr av-kkwnna65-b33a065c7c9cb006b245fc9e071a7017 hr-custom  avia-builder-el-3  el_after_av_heading  el_before_av_textblock  hr-left hr-icon-no '><span class='hr-inner inner-border-av-border-fat'><span class=\"hr-inner-style\"><\/span><\/span><\/div>\n<section class=\"av_textblock_section \"  itemscope=\"itemscope\" itemtype=\"https:\/\/schema.org\/BlogPosting\" itemprop=\"blogPost\" ><div class='avia_textblock  '   itemprop=\"text\" ><blockquote>\n<p>Les \u00e9v\u00e8nements r\u00e9cents impliquant la R\u00e9publique Populaire de Chine et les Etats-Unis, comme par exemple l\u2019effondrement imminent de la compagnie chinoise \u201cEvergrande&#8221;, ainsi que l\u2019accord entre les USA et l\u2019Australie concernant les sous-marins nucl\u00e9aires, nous m\u00e8nent \u00e0 nous int\u00e9resser aux interactions de ces deux nations sur la sc\u00e8ne internationale et plus particuli\u00e8rement \u00e0 la r\u00e9gion Indo-Pacifique.<\/p>\n<p>Le but de ce d\u00e9bat est de comprendre la mani\u00e8re dont chacune de ces grandes puissances se per\u00e7oit. D\u2019appr\u00e9hender leurs objectifs, int\u00e9r\u00eats nationaux, mais aussi comment elles con\u00e7oivent leur rapport avec leur rivale.<\/p>\n<\/blockquote>\n<\/div><\/section>\n\n<style type=\"text\/css\" data-created_by=\"avia_inline_auto\" id=\"style-css-av-ku1fd59m-98415fe87307a0006e3457155e707dcc\">\n#top .av-special-heading.av-ku1fd59m-98415fe87307a0006e3457155e707dcc{\npadding-bottom:10px;\n}\n<\/style>\n<div  class='av-special-heading av-ku1fd59m-98415fe87307a0006e3457155e707dcc av-special-heading-h2 blockquote modern-quote  avia-builder-el-5  el_after_av_textblock  el_before_av_textblock  '><h2 class='av-special-heading-tag '  itemprop=\"headline\"  >Les Etats-Unis et la Chine, une rivalit\u00e9 aux tensions croissantes dans le Pacifique.<\/h2><div class='special-heading-border'><div class='special-heading-inner-border'><\/div><\/div><\/div>\n<section class=\"av_textblock_section \"  itemscope=\"itemscope\" itemtype=\"https:\/\/schema.org\/BlogPosting\" itemprop=\"blogPost\" ><div class='avia_textblock  '   itemprop=\"text\" ><p>La rivalit\u00e9 sino-am\u00e9ricaine, qui implique deux puissances globales, se focalise toutefois sur l\u2019Extr\u00eame-Orient. R\u00e9gion o\u00f9 se concentre une grande majorit\u00e9 des effectifs arm\u00e9s de ces deux pays. La g\u00e9ographie particuli\u00e8re de cette r\u00e9gion est un facteur contraignant pour les deux protagonistes. La Chine cherche \u00e0 briser ce carcan g\u00e9ographique et diplomatique qu\u2019est la \u201cFirst Island Chain\u201d, r\u00e9gion comprenant l\u2019archipel japonais, Taiwan, l\u2019extr\u00e9mit\u00e9 nord des Philippines et se terminant par Born\u00e9o et les \u00eeles Spratly.<\/p>\n<p>Le professeur Graham Allison d\u00e9finit cette r\u00e9alit\u00e9 comme \u00e9tant un pi\u00e8ge de Thucydide. Cela fait r\u00e9f\u00e9rence \u00e0 un historien grec ayant jug\u00e9 la guerre du P\u00e9loponn\u00e8se, conflit ayant oppos\u00e9 Sparte \u00e0 Ath\u00e8nes, comme in\u00e9vitable. La peur de la puissance \u00e9tablie menant irr\u00e9m\u00e9diablement au conflit. Cette situation pass\u00e9e \u00e9tant comparable \u00e0 la situation que les Etats-Unis, puissance \u00e9tablie, et la Chine, puissance continuant de gagner en importance connaissent. Au cours des cinq derniers si\u00e8cles, seize puissances montantes ont d\u00e9fi\u00e9 le statu quo menant douze fois \u00e0 la guerre. Ces situations critiques ne se r\u00e9solvant de mani\u00e8re pacifique que quatre fois, bien que trois de ces it\u00e9rations soientiot parmi les plus r\u00e9centes.<\/p>\n<p>Ces tensions entre les Etats-Unis et la Chine culminent en des points chauds g\u00e9opolitiques comme la mer de Chine m\u00e9ridionale que l&#8217;Empire C\u00e9leste cherche \u00e0 transformer en mer int\u00e9rieure. Cela m\u00e8ne \u00e0 la formation de goulots d\u2019\u00e9tranglements tels que les d\u00e9troits de Malacca et de Formose, que les deux nations cherchent \u00e0 contr\u00f4ler. Les \u00eeles Di\u00e0oy\u00fa-Senkaku repr\u00e9sentent un autre point chaud entre la Chine et le Japon symbolisant les tensions en mer de Chine orientale.\u00a0 Taiwan quant \u00e0 lui, lie ces deux zones de tensions et est aussi un point chaud. De l\u2019autre c\u00f4t\u00e9 du territoire chinois, la fronti\u00e8re avec l\u2019Inde comprenant l\u2019Aksai Chin et la ligne McMahon, d\u00e9montre les ambitions chinoises de ce c\u00f4t\u00e9 du pays.<\/p>\n<p>La Chine, dans un effort de renverser le statu quo, approche ces zones par le fait accompli et la strat\u00e9gie du \u00ab saucisson \u00bb. C\u2019est-\u00e0-dire une strat\u00e9gie utilisant \u00e0 la fois le \u00ab soft \u00bb et le \u00ab hard \u00bb power, usant de moyens tels que la coercition \u00e9conomique et diplomatique dans le but de faire des avanc\u00e9es territoriales mineures sans toutefois permettre \u00e0 l\u2019opposition d\u2019\u00e9tablir un casus belli.<\/p>\n<p>Les deux nations, malgr\u00e9 leurs postures belliqueuses, ne souhaitent pas mener une guerre \u00e0 grande \u00e9chelle. En effet, gr\u00e2ce aux moyens d\u2019armements et aux doctrines militaires modernes, la guerre serait fort co\u00fbteuse. Le conflit se focalise plut\u00f4t dans ces points chauds, avec des moyens et des objectifs limit\u00e9s. Malgr\u00e9 tout, les propos qui sont tenus par Alisson d\u00e9montrent que c\u2019est la pr\u00e9sence d\u2019un troisi\u00e8me parti qui encourage les deux factions oppos\u00e9es \u00e0 s\u2019engager dans un conflit ouvert. Cette constatation d\u00e9montre bel et bien que la situation peut tr\u00e8s bien \u00e9chapper au contr\u00f4le de ces deux acteurs majeurs. Cela peut passer par des actions d\u2019un autre protagoniste comme Taiwan, le Japon ou la Cor\u00e9e du Nord.<\/p>\n<p>Les r\u00e9cents accords entre l\u2019Australie, les Etats-Unis et le Royaume-Uni (AUSKUS) impliquant l&#8217;octroi de sous-marins \u00e0 propulsion nucl\u00e9aire pour la Royal Australian Navy ont suscit\u00e9 l&#8217;ire de plusieurs nations. Ces accords faits au d\u00e9triment de la France (avec qui un contrat pour des sous-marins avait \u00e9t\u00e9 sign\u00e9) ont cr\u00e9\u00e9 une nouvelle source de tensions dans la r\u00e9gion.<\/p>\n<\/div><\/section>\n\n<style type=\"text\/css\" data-created_by=\"avia_inline_auto\" id=\"style-css-av-ku1feado-afb77e17e031b1aa1d6ea14c15ec8a08\">\n#top .av-special-heading.av-ku1feado-afb77e17e031b1aa1d6ea14c15ec8a08{\npadding-bottom:10px;\n}\n<\/style>\n<div  class='av-special-heading av-ku1feado-afb77e17e031b1aa1d6ea14c15ec8a08 av-special-heading-h2 blockquote modern-quote  avia-builder-el-7  el_after_av_textblock  el_before_av_textblock  '><h2 class='av-special-heading-tag '  itemprop=\"headline\"  >La Chine, un acteur majeur confirm\u00e9 mais fragilis\u00e9 dans un monde d\u2019apr\u00e8s-COVID <\/h2><div class='special-heading-border'><div class='special-heading-inner-border'><\/div><\/div><\/div>\n<section class=\"av_textblock_section \"  itemscope=\"itemscope\" itemtype=\"https:\/\/schema.org\/BlogPosting\" itemprop=\"blogPost\" ><div class='avia_textblock  '   itemprop=\"text\" ><p>La crise sanitaire provoqu\u00e9e par l\u2019\u00e9pid\u00e9mie de COVID19 a permis \u00e0 la Chine de montrer qu\u2019elle jouait un r\u00f4le indispensable face \u00e0 ce d\u00e9fi global.\u00a0 En effet, la majeure partie du mat\u00e9riel permettant de maintenir les mesures sanitaires comme les masques ou le mat\u00e9riel m\u00e9dical sont fabriqu\u00e9s en territoire chinois.<\/p>\n<p>Pourtant cette p\u00e9riode d\u2019apr\u00e8s-Covid semble s\u2019annoncer difficile pour l\u2019Empire du milieu qui voit son \u00e9conomie se fragiliser. Des \u00e9v\u00e9nements comme la potentielle faillite du deuxi\u00e8me plus grand promoteur immobilier du pays \u201cEvergrande\u201d, sont symptomatiques.<\/p>\n<p>Additionnellement, les grands projets tels que la formation d\u2019un axe Chine- Centre Asie-Pakistan-Iran-Turquie et l\u2019\u00e9dification de la \u00ab grande muraille de sable \u00bb cherchant \u00e0 contourner la barri\u00e8re \u00e0 la fois g\u00e9ographique et politique qui a \u00e9t\u00e9 \u00e9tablie par les Etats-Unis et ses alli\u00e9s du Pacifique, s\u2019av\u00e8rent \u00eatre co\u00fbteux et non rentables. Ces divers probl\u00e8mes attirent les critiques \u00e0 l\u2019\u00e9gard du dirigeant chinois Xi Jinping, qui avec ses d\u00e9clarations de soutien \u00e0 l\u2019Afghanistan apr\u00e8s le d\u00e9part des Etats-Unis adopte une approche qui devient de moins en moins populaire aupr\u00e8s de ses compatriotes. Outre cela, le vingti\u00e8me congr\u00e8s du parti communiste chinois approche, signifiant un changement au niveau de la direction chinoise ou l\u2019annonce d\u2019un troisi\u00e8me mandat pour Xi Jinping. Cela serait sans pr\u00e9c\u00e9dent dans l\u2019histoire r\u00e9cente de la R\u00e9publique Populaire de Chine et impliquerait tr\u00e8s certainement un prolongement \u00e0 vie de ce mandat.<\/p>\n<p>Ces troubles \u00e0 la fois \u00e9conomiques et politiques m\u00e8nent \u00e0 l\u2019\u00e9rosion de l\u2019apolitisme de la soci\u00e9t\u00e9 chinoise. Apolitisme pr\u00e9sent depuis les \u00e9v\u00e8nements qui se d\u00e9roul\u00e8rent en 1989 et qui ont marqu\u00e9 une division soci\u00e9tale nette. Cette division entre les hauts plac\u00e9s de la soci\u00e9t\u00e9 chinoise qui s\u2019occupent de la politique du pays et le peuple qui s\u2019occupe des affaires et du commerce commence \u00e0 dispara\u00eetre. Ph\u00e9nom\u00e8ne qui fragiliserait l\u2019emprise de la dictature chinoise sur son peuple.<\/p>\n<p>Concernant l\u2019aspect militaire, en d\u00e9pit de ses effectifs impressionnants, l\u2019Arm\u00e9e Populaire de la Lib\u00e9ration pr\u00e9sente un bilan mitig\u00e9 en termes de r\u00e9sultats depuis la fin de la Guerre de Cor\u00e9e (1950-1953). Ne connaissant que certains succ\u00e8s contre des adversaires peu redoutables (guerre sino-indienne de 1962) ou des revers (guerre sino-vietnamienne de 1979). En cas de conflit, les forces arm\u00e9es chinoises risquent de peu b\u00e9n\u00e9ficier de l\u2019aide de ses alli\u00e9s comme le Pakistan et la R\u00e9publique Populaire D\u00e9mocratique de Cor\u00e9e. Ils sont \u00e0 la fois impr\u00e9visibles et poss\u00e8dent des moyens militaires plus limit\u00e9s. Du c\u00f4t\u00e9 de l\u2019Organisation de Coop\u00e9ration de Shanghai (O.C.S), la Russie semble \u00eatre un partenaire strat\u00e9gique poss\u00e9dant les moyens de ses ambitions mais entretient tout de m\u00eame une relation houleuse avec son homologue chinois.<\/p>\n<p>De ce fait, la Chine adopte une approche asym\u00e9trique dans le monde r\u00e9el et virtuel, ce qui augmente le risque de prolif\u00e9ration de conflits \u00e0 basse intensit\u00e9. Cette approche peut se d\u00e9finir en tant que la r\u00e9ponse du faible au fort mais la perp\u00e9tuelle croissance militaire chinoise laisse supposer \u00e0 un \u00e9ventuel changement de paradigme.<\/p>\n<p>\u00c9tant donn\u00e9 les interd\u00e9pendances \u00e9conomiques qui existent entre les nations, le monde actuel ne peut \u00eatre compar\u00e9 au monde de la guerre froide. La guerre ouverte entre les grandes puissances du Pacifique est une possibilit\u00e9 peu avantageuse pour l\u2019ensemble des nations du monde, quelle qu&#8217;en soit l&#8217;issue. Cela n\u2019emp\u00eache tout de m\u00eame pas un besoin d`une prise de position moins na\u00efve envers la Chine par les pays d`Europe occidentale. En effet, la Chine pourrait s\u2019en prendre aux autres nations de la r\u00e9gion en d\u00e9pit de cette interd\u00e9pendance. L\u2019affaire des sous-marins d\u00e9montre le ph\u00e9nom\u00e8ne de \u00ab d\u00e9couplage \u00bb qui a lieu entre les enjeux \u00e9conomiques et strat\u00e9giques dans la r\u00e9gion. Pour la France cet \u00e9chec lui permet d\u2019\u00e9viter de s\u2019inclure dans une strat\u00e9gie conflictuelle que semble pr\u00f4ner l\u2019anglosph\u00e8re et pr\u00e9sente une nouvelle opportunit\u00e9. Cette opportunit\u00e9 se traduit en la restructuration de l\u2019approche fran\u00e7aise dans l\u2019Indo-Pacifique, qui ne poss\u00e8de pas \u00e0 elle seule la capacit\u00e9 d&#8217;appliquer sa politique s\u00e9curitaire dans la r\u00e9gion. Un accompagnement de l\u2019Europe en Indo-Pacifique suivi par un investissement dans les r\u00e9gions o\u00f9 une implication moindre est constat\u00e9e telles que l\u2019Asie centrale et l\u2019Iran permettraient de pallier ce manque de moyen. L\u2019objectif est de r\u00e9\u00e9quilibrer les relations des diverses nations europ\u00e9ennes avec la Chine et d\u2019effacer cette approche candide qui caract\u00e9rise notre rapport avec ce pays.<\/p>\n<\/div><\/section>\n","protected":false},"excerpt":{"rendered":"","protected":false},"author":3,"featured_media":0,"comment_status":"closed","ping_status":"closed","sticky":false,"template":"","format":"standard","meta":{"footnotes":""},"categories":[24],"tags":[],"class_list":["post-5650","post","type-post","status-publish","format-standard","hentry","category-uncategorized"],"yoast_head":"<!-- This site is optimized with the Yoast SEO plugin v20.1 - https:\/\/yoast.com\/wordpress\/plugins\/seo\/ -->\n<title>Synth\u00e8se du D\u00e9bat : La Chine et Nous Apr\u00e8s la Covid : 20\/09\/2021 - The KitSon<\/title>\n<meta name=\"robots\" content=\"index, follow, max-snippet:-1, max-image-preview:large, max-video-preview:-1\" \/>\n<link rel=\"canonical\" href=\"https:\/\/thekitson.org\/en\/synthese-du-debat-la-chine-et-nous-apres-la-covid-20-09-2021\/\" \/>\n<meta property=\"og:locale\" content=\"en_US\" \/>\n<meta property=\"og:type\" content=\"article\" \/>\n<meta property=\"og:title\" content=\"Synth\u00e8se du D\u00e9bat : La Chine et Nous Apr\u00e8s la Covid : 20\/09\/2021 - The KitSon\" \/>\n<meta property=\"og:url\" content=\"https:\/\/thekitson.org\/en\/synthese-du-debat-la-chine-et-nous-apres-la-covid-20-09-2021\/\" \/>\n<meta property=\"og:site_name\" content=\"The KitSon\" \/>\n<meta property=\"article:published_time\" content=\"2021-10-25T08:00:09+00:00\" \/>\n<meta property=\"article:modified_time\" content=\"2021-10-25T15:07:15+00:00\" \/>\n<meta name=\"author\" content=\"Elisa Kitson\" \/>\n<meta name=\"twitter:card\" content=\"summary_large_image\" \/>\n<meta name=\"twitter:label1\" content=\"Written by\" \/>\n\t<meta name=\"twitter:data1\" content=\"Elisa Kitson\" \/>\n\t<meta name=\"twitter:label2\" content=\"Est. reading time\" \/>\n\t<meta name=\"twitter:data2\" content=\"11 minutes\" \/>\n<script type=\"application\/ld+json\" class=\"yoast-schema-graph\">{\"@context\":\"https:\/\/schema.org\",\"@graph\":[{\"@type\":\"WebPage\",\"@id\":\"https:\/\/thekitson.org\/en\/synthese-du-debat-la-chine-et-nous-apres-la-covid-20-09-2021\/\",\"url\":\"https:\/\/thekitson.org\/en\/synthese-du-debat-la-chine-et-nous-apres-la-covid-20-09-2021\/\",\"name\":\"Synth\u00e8se du D\u00e9bat : La Chine et Nous Apr\u00e8s la Covid : 20\/09\/2021 - The KitSon\",\"isPartOf\":{\"@id\":\"https:\/\/thekitson.org\/en\/#website\"},\"datePublished\":\"2021-10-25T08:00:09+00:00\",\"dateModified\":\"2021-10-25T15:07:15+00:00\",\"author\":{\"@id\":\"https:\/\/thekitson.org\/en\/#\/schema\/person\/8dac2f808d06087001bb00cf8986d738\"},\"breadcrumb\":{\"@id\":\"https:\/\/thekitson.org\/en\/synthese-du-debat-la-chine-et-nous-apres-la-covid-20-09-2021\/#breadcrumb\"},\"inLanguage\":\"en-US\",\"potentialAction\":[{\"@type\":\"ReadAction\",\"target\":[\"https:\/\/thekitson.org\/en\/synthese-du-debat-la-chine-et-nous-apres-la-covid-20-09-2021\/\"]}]},{\"@type\":\"BreadcrumbList\",\"@id\":\"https:\/\/thekitson.org\/en\/synthese-du-debat-la-chine-et-nous-apres-la-covid-20-09-2021\/#breadcrumb\",\"itemListElement\":[{\"@type\":\"ListItem\",\"position\":1,\"name\":\"Home\",\"item\":\"https:\/\/thekitson.org\/en\/the-kitson\/\"},{\"@type\":\"ListItem\",\"position\":2,\"name\":\"Synth\u00e8se du D\u00e9bat : La Chine et Nous Apr\u00e8s la Covid : 20\/09\/2021\"}]},{\"@type\":\"WebSite\",\"@id\":\"https:\/\/thekitson.org\/en\/#website\",\"url\":\"https:\/\/thekitson.org\/en\/\",\"name\":\"The KitSon\",\"description\":\"\",\"potentialAction\":[{\"@type\":\"SearchAction\",\"target\":{\"@type\":\"EntryPoint\",\"urlTemplate\":\"https:\/\/thekitson.org\/en\/?s={search_term_string}\"},\"query-input\":\"required name=search_term_string\"}],\"inLanguage\":\"en-US\"},{\"@type\":\"Person\",\"@id\":\"https:\/\/thekitson.org\/en\/#\/schema\/person\/8dac2f808d06087001bb00cf8986d738\",\"name\":\"Elisa Kitson\",\"sameAs\":[\"https:\/\/thekitson.org\/\"],\"url\":\"https:\/\/thekitson.org\/en\/author\/elisakitsongmail-com\/\"}]}<\/script>\n<!-- \/ Yoast SEO plugin. -->","yoast_head_json":{"title":"Synth\u00e8se du D\u00e9bat : La Chine et Nous Apr\u00e8s la Covid : 20\/09\/2021 - The KitSon","robots":{"index":"index","follow":"follow","max-snippet":"max-snippet:-1","max-image-preview":"max-image-preview:large","max-video-preview":"max-video-preview:-1"},"canonical":"https:\/\/thekitson.org\/en\/synthese-du-debat-la-chine-et-nous-apres-la-covid-20-09-2021\/","og_locale":"en_US","og_type":"article","og_title":"Synth\u00e8se du D\u00e9bat : La Chine et Nous Apr\u00e8s la Covid : 20\/09\/2021 - The KitSon","og_url":"https:\/\/thekitson.org\/en\/synthese-du-debat-la-chine-et-nous-apres-la-covid-20-09-2021\/","og_site_name":"The KitSon","article_published_time":"2021-10-25T08:00:09+00:00","article_modified_time":"2021-10-25T15:07:15+00:00","author":"Elisa Kitson","twitter_card":"summary_large_image","twitter_misc":{"Written by":"Elisa Kitson","Est. reading time":"11 minutes"},"schema":{"@context":"https:\/\/schema.org","@graph":[{"@type":"WebPage","@id":"https:\/\/thekitson.org\/en\/synthese-du-debat-la-chine-et-nous-apres-la-covid-20-09-2021\/","url":"https:\/\/thekitson.org\/en\/synthese-du-debat-la-chine-et-nous-apres-la-covid-20-09-2021\/","name":"Synth\u00e8se du D\u00e9bat : La Chine et Nous Apr\u00e8s la Covid : 20\/09\/2021 - The KitSon","isPartOf":{"@id":"https:\/\/thekitson.org\/en\/#website"},"datePublished":"2021-10-25T08:00:09+00:00","dateModified":"2021-10-25T15:07:15+00:00","author":{"@id":"https:\/\/thekitson.org\/en\/#\/schema\/person\/8dac2f808d06087001bb00cf8986d738"},"breadcrumb":{"@id":"https:\/\/thekitson.org\/en\/synthese-du-debat-la-chine-et-nous-apres-la-covid-20-09-2021\/#breadcrumb"},"inLanguage":"en-US","potentialAction":[{"@type":"ReadAction","target":["https:\/\/thekitson.org\/en\/synthese-du-debat-la-chine-et-nous-apres-la-covid-20-09-2021\/"]}]},{"@type":"BreadcrumbList","@id":"https:\/\/thekitson.org\/en\/synthese-du-debat-la-chine-et-nous-apres-la-covid-20-09-2021\/#breadcrumb","itemListElement":[{"@type":"ListItem","position":1,"name":"Home","item":"https:\/\/thekitson.org\/en\/the-kitson\/"},{"@type":"ListItem","position":2,"name":"Synth\u00e8se du D\u00e9bat : La Chine et Nous Apr\u00e8s la Covid : 20\/09\/2021"}]},{"@type":"WebSite","@id":"https:\/\/thekitson.org\/en\/#website","url":"https:\/\/thekitson.org\/en\/","name":"The KitSon","description":"","potentialAction":[{"@type":"SearchAction","target":{"@type":"EntryPoint","urlTemplate":"https:\/\/thekitson.org\/en\/?s={search_term_string}"},"query-input":"required name=search_term_string"}],"inLanguage":"en-US"},{"@type":"Person","@id":"https:\/\/thekitson.org\/en\/#\/schema\/person\/8dac2f808d06087001bb00cf8986d738","name":"Elisa Kitson","sameAs":["https:\/\/thekitson.org\/"],"url":"https:\/\/thekitson.org\/en\/author\/elisakitsongmail-com\/"}]}},"_links":{"self":[{"href":"https:\/\/thekitson.org\/en\/wp-json\/wp\/v2\/posts\/5650","targetHints":{"allow":["GET"]}}],"collection":[{"href":"https:\/\/thekitson.org\/en\/wp-json\/wp\/v2\/posts"}],"about":[{"href":"https:\/\/thekitson.org\/en\/wp-json\/wp\/v2\/types\/post"}],"author":[{"embeddable":true,"href":"https:\/\/thekitson.org\/en\/wp-json\/wp\/v2\/users\/3"}],"replies":[{"embeddable":true,"href":"https:\/\/thekitson.org\/en\/wp-json\/wp\/v2\/comments?post=5650"}],"version-history":[{"count":2,"href":"https:\/\/thekitson.org\/en\/wp-json\/wp\/v2\/posts\/5650\/revisions"}],"predecessor-version":[{"id":6067,"href":"https:\/\/thekitson.org\/en\/wp-json\/wp\/v2\/posts\/5650\/revisions\/6067"}],"wp:attachment":[{"href":"https:\/\/thekitson.org\/en\/wp-json\/wp\/v2\/media?parent=5650"}],"wp:term":[{"taxonomy":"category","embeddable":true,"href":"https:\/\/thekitson.org\/en\/wp-json\/wp\/v2\/categories?post=5650"},{"taxonomy":"post_tag","embeddable":true,"href":"https:\/\/thekitson.org\/en\/wp-json\/wp\/v2\/tags?post=5650"}],"curies":[{"name":"wp","href":"https:\/\/api.w.org\/{rel}","templated":true}]}}